{"id":2107,"date":"2021-06-24T10:41:54","date_gmt":"2021-06-24T08:41:54","guid":{"rendered":"https:\/\/www.stainless-fruechtl.de\/?p=2107"},"modified":"2021-06-28T11:15:26","modified_gmt":"2021-06-28T09:15:26","slug":"formations-techniques-dispensees-par-stainless-france","status":"publish","type":"post","link":"https:\/\/www.stainless-fruechtl.de\/fr\/formations-techniques-dispensees-par-stainless-france\/","title":{"rendered":"Nouveau : un pas de plus vers nos clients, des formations techniques dispens\u00e9es par STAINLESS France."},"content":{"rendered":"<p>Avec plus de 90 ans d\u2019expertise et de conseils dans les alliages m\u00e9talliques \u00e0 hautes performances pour des secteurs pointus comme le m\u00e9dical ou l\u2019a\u00e9ronautique, Stainless fait un pas de plus vers ses clients et dispense des formations techniques autour de la m\u00e9tallurgie.<\/p>\n","protected":false},"excerpt":{"rendered":"<p>Avec plus de 90 ans d\u2019expertise et de conseils dans les alliages m\u00e9talliques \u00e0 hautes performances pour des secteurs pointus comme le m\u00e9dical ou l\u2019a\u00e9ronautique, Stainless fait un pas de plus vers ses clients et dispense des formations techniques autour de la m\u00e9tallurgie.<\/p>\n","protected":false},"author":1,"featured_media":1914,"comment_status":"closed","ping_status":"open","sticky":false,"template":"","format":"standard","meta":{"_acf_changed":false,"footnotes":""},"categories":[20,18],"tags":[],"class_list":["post-2107","post","type-post","status-publish","format-standard","has-post-thumbnail","hentry","category-actualites-presse","category-stainless-france"],"acf":[],"_links":{"self":[{"href":"https:\/\/www.stainless-fruechtl.de\/fr\/wp-json\/wp\/v2\/posts\/2107","targetHints":{"allow":["GET"]}}],"collection":[{"href":"https:\/\/www.stainless-fruechtl.de\/fr\/wp-json\/wp\/v2\/posts"}],"about":[{"href":"https:\/\/www.stainless-fruechtl.de\/fr\/wp-json\/wp\/v2\/types\/post"}],"author":[{"embeddable":true,"href":"https:\/\/www.stainless-fruechtl.de\/fr\/wp-json\/wp\/v2\/users\/1"}],"replies":[{"embeddable":true,"href":"https:\/\/www.stainless-fruechtl.de\/fr\/wp-json\/wp\/v2\/comments?post=2107"}],"version-history":[{"count":0,"href":"https:\/\/www.stainless-fruechtl.de\/fr\/wp-json\/wp\/v2\/posts\/2107\/revisions"}],"wp:featuredmedia":[{"embeddable":true,"href":"https:\/\/www.stainless-fruechtl.de\/fr\/wp-json\/wp\/v2\/media\/1914"}],"wp:attachment":[{"href":"https:\/\/www.stainless-fruechtl.de\/fr\/wp-json\/wp\/v2\/media?parent=2107"}],"wp:term":[{"taxonomy":"category","embeddable":true,"href":"https:\/\/www.stainless-fruechtl.de\/fr\/wp-json\/wp\/v2\/categories?post=2107"},{"taxonomy":"post_tag","embeddable":true,"href":"https:\/\/www.stainless-fruechtl.de\/fr\/wp-json\/wp\/v2\/tags?post=2107"}],"curies":[{"name":"wp","href":"https:\/\/api.w.org\/{rel}","templated":true}]}}