{"id":916,"date":"2021-06-24T09:50:27","date_gmt":"2021-06-24T07:50:27","guid":{"rendered":"https:\/\/www.stainless-fruechtl.de\/?p=916"},"modified":"2021-08-26T12:42:19","modified_gmt":"2021-08-26T10:42:19","slug":"global-industrie-du-7-au-10-septembre-2021","status":"publish","type":"post","link":"https:\/\/www.stainless-fruechtl.de\/fr\/global-industrie-du-7-au-10-septembre-2021\/","title":{"rendered":"Global Industrie du 7 au 10 septembre 2021."},"content":{"rendered":"<p>Apr\u00e8s l\u2019annulation ou le report de l\u2019ensemble des salons professionnels qui devaient avoir lieu en 2020, STAINLESS est de retour sur de nombreux \u00e9v\u00e9nements, dans le respect des r\u00e8gles sanitaires et des gestes barri\u00e8res.<\/p>\n","protected":false},"excerpt":{"rendered":"<p>Apr\u00e8s l\u2019annulation ou le report de l\u2019ensemble des salons professionnels qui devaient avoir lieu en 2020, STAINLESS est de retour sur de nombreux \u00e9v\u00e9nements, dans le respect des r\u00e8gles sanitaires et des gestes barri\u00e8res.<\/p>\n","protected":false},"author":1,"featured_media":2098,"comment_status":"closed","ping_status":"open","sticky":false,"template":"","format":"standard","meta":{"_acf_changed":false,"footnotes":""},"categories":[20,18],"tags":[],"class_list":["post-916","post","type-post","status-publish","format-standard","has-post-thumbnail","hentry","category-actualites-presse","category-stainless-france"],"acf":[],"_links":{"self":[{"href":"https:\/\/www.stainless-fruechtl.de\/fr\/wp-json\/wp\/v2\/posts\/916","targetHints":{"allow":["GET"]}}],"collection":[{"href":"https:\/\/www.stainless-fruechtl.de\/fr\/wp-json\/wp\/v2\/posts"}],"about":[{"href":"https:\/\/www.stainless-fruechtl.de\/fr\/wp-json\/wp\/v2\/types\/post"}],"author":[{"embeddable":true,"href":"https:\/\/www.stainless-fruechtl.de\/fr\/wp-json\/wp\/v2\/users\/1"}],"replies":[{"embeddable":true,"href":"https:\/\/www.stainless-fruechtl.de\/fr\/wp-json\/wp\/v2\/comments?post=916"}],"version-history":[{"count":0,"href":"https:\/\/www.stainless-fruechtl.de\/fr\/wp-json\/wp\/v2\/posts\/916\/revisions"}],"wp:featuredmedia":[{"embeddable":true,"href":"https:\/\/www.stainless-fruechtl.de\/fr\/wp-json\/wp\/v2\/media\/2098"}],"wp:attachment":[{"href":"https:\/\/www.stainless-fruechtl.de\/fr\/wp-json\/wp\/v2\/media?parent=916"}],"wp:term":[{"taxonomy":"category","embeddable":true,"href":"https:\/\/www.stainless-fruechtl.de\/fr\/wp-json\/wp\/v2\/categories?post=916"},{"taxonomy":"post_tag","embeddable":true,"href":"https:\/\/www.stainless-fruechtl.de\/fr\/wp-json\/wp\/v2\/tags?post=916"}],"curies":[{"name":"wp","href":"https:\/\/api.w.org\/{rel}","templated":true}]}}